{"id":1476,"__str__":"Autoria: Ana L\u00facia - Mo\u00e7\u00e3o n\u00ba 16 de 2019","link_detail_backend":"/materia/autoria/1476","metadata":{},"primeiro_autor":false,"autor":1,"materia":729}