{"id":1550,"__str__":"Autoria: Jo\u00e3o Aliberti - Mo\u00e7\u00e3o n\u00ba 21 de 2019","link_detail_backend":"/materia/autoria/1550","metadata":{},"primeiro_autor":false,"autor":3,"materia":746}