{"id":173,"__str__":"Autoria: Ana L\u00facia - Mo\u00e7\u00e3o n\u00ba 16 de 2017","link_detail_backend":"/materia/autoria/173","metadata":{},"primeiro_autor":false,"autor":1,"materia":85}