{"id":1882,"__str__":"Autoria: Ana L\u00facia - Mo\u00e7\u00e3o n\u00ba 2 de 2020","link_detail_backend":"/materia/autoria/1882","metadata":{},"primeiro_autor":false,"autor":1,"materia":892}