{"id":2019,"__str__":"Autoria: Jo\u00e3o Aliberti - Mo\u00e7\u00e3o n\u00ba 8 de 2020","link_detail_backend":"/materia/autoria/2019","metadata":{},"primeiro_autor":false,"autor":3,"materia":959}