{"id":2223,"__str__":"Autoria: Jo\u00e3o Aliberti - Mo\u00e7\u00e3o n\u00ba 1 de 2021","link_detail_backend":"/materia/autoria/2223","metadata":{},"primeiro_autor":false,"autor":3,"materia":1072}