{"id":345,"__str__":"Autoria: Jo\u00e3o Aliberti - Mo\u00e7\u00e3o n\u00ba 28 de 2017","link_detail_backend":"/materia/autoria/345","metadata":{},"primeiro_autor":false,"autor":3,"materia":147}