{"id":869,"__str__":"Autoria: Ana L\u00facia - Mo\u00e7\u00e3o n\u00ba 6 de 2018","link_detail_backend":"/materia/autoria/869","metadata":{},"primeiro_autor":false,"autor":1,"materia":424}