{"id":871,"__str__":"Autoria: Jo\u00e3o Aliberti - Mo\u00e7\u00e3o n\u00ba 6 de 2018","link_detail_backend":"/materia/autoria/871","metadata":{},"primeiro_autor":false,"autor":3,"materia":424}