{"id":3015,"__str__":"Indica\u00e7\u00e3o n\u00ba 155 de 2025","link_detail_backend":"/materia/3015","metadata":{},"numero":155,"ano":2025,"numero_protocolo":274,"data_apresentacao":"2025-07-30","tipo_apresentacao":"E","data_publicacao":null,"numero_origem_externa":"","ano_origem_externa":null,"data_origem_externa":null,"apelido":"","dias_prazo":null,"data_fim_prazo":null,"em_tramitacao":false,"polemica":false,"objeto":"","complementar":false,"ementa":"INDICA AO PREFEITO MUNICIPAL, QUE A GEST\u00c3O ESTUDE A POSSIBILIDADE DE INSTITUIR, NO \u00c2MBITO DO MUNIC\u00cdPIO, O \u201cDIA MUNICIPAL DE CUIDADO E BEM-ESTAR PARA M\u00c3ES DE PESSOAS COM TEA\u201d, A SER CELEBRADO ANUALMENTE NO \u00daLTIMO S\u00c1BADO DO M\u00caS DE ABRIL, INTEGRANDO AS A\u00c7\u00d5ES DO M\u00caS DE CONSCIENTIZA\u00c7\u00c3O DO AUTISMO.","indexacao":"","observacao":"","resultado":"","texto_original":"http://sapl.bofete.sp.leg.br/media/sapl/public/materialegislativa/2025/3015/indicacao_155_2025_danilo.pdf","data_ultima_atualizacao":"2025-10-10T15:12:19.865224-03:00","ip":"177.20.163.70","ultima_edicao":"2025-08-07T11:10:08.339061-03:00","tipo":8,"regime_tramitacao":1,"tipo_origem_externa":null,"local_origem_externa":null,"user":20,"anexadas":[],"autores":[31]}