{"id":633,"__str__":"Requerimento n\u00ba 2 de 2019","link_detail_backend":"/materia/633","metadata":{},"numero":2,"ano":2019,"numero_protocolo":9,"data_apresentacao":"2019-01-28","tipo_apresentacao":"E","data_publicacao":null,"numero_origem_externa":"","ano_origem_externa":null,"data_origem_externa":null,"apelido":"","dias_prazo":null,"data_fim_prazo":null,"em_tramitacao":true,"polemica":null,"objeto":"","complementar":null,"ementa":"REQUER AO PREFEITO MUNICIPAL QUE INTERCEDA JUNTO AO SETOR COMPETENTE QUE INTERCEDA JUNTO A COMUTRAN PARA QUE PROCEDA A MELHORA DA SINALIZA\u00c7\u00c3O DE TR\u00c2NSITO DE NOSSA CIDADE, COM A PINTURA DE FAIXAS, GUIAS, SARJETAS, LOMBADAS, TROCA DE PLACAS DANIFICADAS E INSTALA\u00c7\u00c3O DE PLACAS DE SINALIZA\u00c7\u00c3O DE TR\u00c2NSITO COM OS NOMES DE TODAS AS RUAS QUE SE ENCONTRAM SEM IDENTIFICA\u00c7\u00c3O NO NOSSO MUNIC\u00cdPIO.","indexacao":"","observacao":"","resultado":"","texto_original":"http://sapl.bofete.sp.leg.br/media/sapl/public/materialegislativa/2019/633/requerimento_02_osvaldo.pdf","data_ultima_atualizacao":"2025-04-17T10:49:04.018887-03:00","ip":"177.20.163.70","ultima_edicao":"2023-01-09T16:33:41.292117-03:00","tipo":3,"regime_tramitacao":1,"tipo_origem_externa":null,"local_origem_externa":null,"user":20,"anexadas":[],"autores":[6]}