{"id":637,"__str__":"Requerimento n\u00ba 6 de 2019","link_detail_backend":"/materia/637","metadata":{},"numero":6,"ano":2019,"numero_protocolo":13,"data_apresentacao":"2019-01-28","tipo_apresentacao":"E","data_publicacao":null,"numero_origem_externa":"","ano_origem_externa":null,"data_origem_externa":null,"apelido":"","dias_prazo":null,"data_fim_prazo":null,"em_tramitacao":true,"polemica":null,"objeto":"","complementar":null,"ementa":"REQUER AO PREFEITO MUNICIPAL QUE INTERCEDA JUNTO AO SETOR COMPETENTE PARA QUE PROCEDA A DEVIDA MANUTEN\u00c7\u00c3O DAS ACADEMIAS AO AR LIVRE DO NOSSO MUNIC\u00cdPIO.","indexacao":"","observacao":"","resultado":"","texto_original":"http://sapl.bofete.sp.leg.br/media/sapl/public/materialegislativa/2019/637/requerimento_06_juliano.pdf","data_ultima_atualizacao":"2025-04-17T10:49:04.364484-03:00","ip":"177.20.163.70","ultima_edicao":"2023-01-09T16:33:20.472323-03:00","tipo":3,"regime_tramitacao":1,"tipo_origem_externa":null,"local_origem_externa":null,"user":20,"anexadas":[],"autores":[4]}