{"id":801,"__str__":"Requerimento n\u00ba 122 de 2019","link_detail_backend":"/materia/801","metadata":{},"numero":122,"ano":2019,"numero_protocolo":181,"data_apresentacao":"2019-10-30","tipo_apresentacao":"E","data_publicacao":null,"numero_origem_externa":"","ano_origem_externa":null,"data_origem_externa":null,"apelido":"","dias_prazo":null,"data_fim_prazo":null,"em_tramitacao":true,"polemica":null,"objeto":"","complementar":null,"ementa":"REQUER AO PREFEITO MUNICIPAL QUE INTERCEDA JUNTO AO GOVERNO DO ESTADO DE S\u00c3O PAULO, PARA QUE SEJA IMPLANTADO O PROGRAMA SA\u00daDE DA FAM\u00cdLIA NA UNIDADE B\u00c1SICA DE SA\u00daDE DO NOSSO MUNIC\u00cdPIO.","indexacao":"","observacao":"","resultado":"","texto_original":"http://sapl.bofete.sp.leg.br/media/sapl/public/materialegislativa/2019/801/requerimento_122_antonia.pdf","data_ultima_atualizacao":"2025-04-17T10:49:15.992598-03:00","ip":"177.20.163.70","ultima_edicao":"2023-01-09T16:22:31.056187-03:00","tipo":3,"regime_tramitacao":1,"tipo_origem_externa":null,"local_origem_externa":null,"user":20,"anexadas":[],"autores":[7]}