{"id":11453,"__str__":"Projeto de Lei Complementar n\u00ba 5 de 2023 | Proposi\u00e7\u00e3o inclusa na Ordem do Dia | 02/05/2023","link_detail_backend":"/materia/tramitacao/11453","metadata":{},"timestamp":"2023-05-02T22:15:07.115187-03:00","data_tramitacao":"2023-05-02","data_encaminhamento":null,"urgente":false,"turno":"","texto":"Proposi\u00e7\u00e3o inclusa na Ordem do Dia mediante dispensa das formalidades regimentais aprovada pelo plen\u00e1rio.","data_fim_prazo":null,"ip":"177.20.163.70","ultima_edicao":"2023-05-02T22:14:18.124655-03:00","status":3,"materia":2087,"unidade_tramitacao_local":5,"unidade_tramitacao_destino":5,"user":20}